{"id":26768,"date":"2016-08-16T16:42:44","date_gmt":"2016-08-16T14:42:44","guid":{"rendered":"https:\/\/millavintage.com\/2016\/08\/16\/my-inspiration-blue-and-yellow-outfit-for-summer\/"},"modified":"2017-06-12T13:05:44","modified_gmt":"2017-06-12T11:05:44","slug":"la-mia-ispirazione-blu-e-giallo-per-un-look-estivo","status":"publish","type":"post","link":"https:\/\/millavintage.com\/it\/2016\/08\/16\/la-mia-ispirazione-blu-e-giallo-per-un-look-estivo\/","title":{"rendered":"La mia ispirazione: blu e giallo per un look estivo"},"content":{"rendered":"<p>Il sole brillava mai non cos\u00ec forte come nel 2016 e sto parlando palette rigorosamente alla moda e colore 2016. Forti tonalit\u00e0 di giallo, tonalit\u00e0 accese blu, verde, arancione. Una gamma di colori semplicemente perfetto per noi in armonia con la natura.<\/p>\n<p>Giallo e blu \u00e8 una combinazione molto esplosivo. Questi due colori primari fornisce un casual, giocoso, pu\u00f2 dare allo stesso tempo, un tocco di eleganza. Provate a voi!<\/p>\n<p>&nbsp;<\/p>\n<div id='gallery-1' class='gallery galleryid-26768 gallery-columns-3 gallery-size-thumbnail'><figure class='gallery-item'>\n\t\t\t<div class='gallery-icon portrait'>\n\t\t\t\t<a href='https:\/\/millavintage.com\/it\/2016\/08\/16\/la-mia-ispirazione-blu-e-giallo-per-un-look-estivo\/dsc_0011-3-2\/'><img loading=\"lazy\" decoding=\"async\" width=\"64\" height=\"96\" src=\"https:\/\/millavintage.com\/wp-content\/uploads\/2016\/08\/DSC_0011-100x150.jpg\" class=\"attachment-thumbnail size-thumbnail\" alt=\"\" srcset=\"https:\/\/millavintage.com\/wp-content\/uploads\/2016\/08\/DSC_0011-100x150.jpg 100w, https:\/\/millavintage.com\/wp-content\/uploads\/2016\/08\/DSC_0011-200x300.jpg 200w, https:\/\/millavintage.com\/wp-content\/uploads\/2016\/08\/DSC_0011-683x1024.jpg 683w, https:\/\/millavintage.com\/wp-content\/uploads\/2016\/08\/DSC_0011.jpg 1200w\" sizes=\"auto, (max-width: 64px) 100vw, 64px\" \/><\/a>\n\t\t\t<\/div><\/figure><figure class='gallery-item'>\n\t\t\t<div class='gallery-icon portrait'>\n\t\t\t\t<a href='https:\/\/millavintage.com\/it\/2016\/08\/16\/la-mia-ispirazione-blu-e-giallo-per-un-look-estivo\/dsc_0031-3-2\/'><img loading=\"lazy\" decoding=\"async\" width=\"69\" height=\"96\" src=\"https:\/\/millavintage.com\/wp-content\/uploads\/2016\/08\/DSC_0031-108x150.jpg\" class=\"attachment-thumbnail size-thumbnail\" alt=\"\" srcset=\"https:\/\/millavintage.com\/wp-content\/uploads\/2016\/08\/DSC_0031-108x150.jpg 108w, https:\/\/millavintage.com\/wp-content\/uploads\/2016\/08\/DSC_0031-216x300.jpg 216w, https:\/\/millavintage.com\/wp-content\/uploads\/2016\/08\/DSC_0031-736x1024.jpg 736w, https:\/\/millavintage.com\/wp-content\/uploads\/2016\/08\/DSC_0031.jpg 1200w\" sizes=\"auto, (max-width: 69px) 100vw, 69px\" \/><\/a>\n\t\t\t<\/div><\/figure><figure class='gallery-item'>\n\t\t\t<div class='gallery-icon portrait'>\n\t\t\t\t<a href='https:\/\/millavintage.com\/it\/2016\/08\/16\/la-mia-ispirazione-blu-e-giallo-per-un-look-estivo\/dsc_0037-3-2\/'><img loading=\"lazy\" decoding=\"async\" width=\"67\" height=\"96\" src=\"https:\/\/millavintage.com\/wp-content\/uploads\/2016\/08\/DSC_0037-104x150.jpg\" class=\"attachment-thumbnail size-thumbnail\" alt=\"\" srcset=\"https:\/\/millavintage.com\/wp-content\/uploads\/2016\/08\/DSC_0037-104x150.jpg 104w, https:\/\/millavintage.com\/wp-content\/uploads\/2016\/08\/DSC_0037-207x300.jpg 207w, https:\/\/millavintage.com\/wp-content\/uploads\/2016\/08\/DSC_0037-707x1024.jpg 707w, https:\/\/millavintage.com\/wp-content\/uploads\/2016\/08\/DSC_0037.jpg 1200w\" sizes=\"auto, (max-width: 67px) 100vw, 67px\" \/><\/a>\n\t\t\t<\/div><\/figure><figure class='gallery-item'>\n\t\t\t<div class='gallery-icon portrait'>\n\t\t\t\t<a href='https:\/\/millavintage.com\/it\/2016\/08\/16\/la-mia-ispirazione-blu-e-giallo-per-un-look-estivo\/dsc_0047-3-2\/'><img loading=\"lazy\" decoding=\"async\" width=\"67\" height=\"96\" src=\"https:\/\/millavintage.com\/wp-content\/uploads\/2016\/08\/DSC_0047-104x150.jpg\" class=\"attachment-thumbnail size-thumbnail\" alt=\"\" srcset=\"https:\/\/millavintage.com\/wp-content\/uploads\/2016\/08\/DSC_0047-104x150.jpg 104w, https:\/\/millavintage.com\/wp-content\/uploads\/2016\/08\/DSC_0047-207x300.jpg 207w, https:\/\/millavintage.com\/wp-content\/uploads\/2016\/08\/DSC_0047-708x1024.jpg 708w, https:\/\/millavintage.com\/wp-content\/uploads\/2016\/08\/DSC_0047.jpg 1200w\" sizes=\"auto, (max-width: 67px) 100vw, 67px\" \/><\/a>\n\t\t\t<\/div><\/figure><figure class='gallery-item'>\n\t\t\t<div class='gallery-icon landscape'>\n\t\t\t\t<a href='https:\/\/millavintage.com\/it\/2016\/08\/16\/la-mia-ispirazione-blu-e-giallo-per-un-look-estivo\/dsc_0064-3-2\/'><img loading=\"lazy\" decoding=\"async\" width=\"128\" height=\"96\" src=\"https:\/\/millavintage.com\/wp-content\/uploads\/2016\/08\/DSC_0064-320x240.jpg\" class=\"attachment-thumbnail size-thumbnail\" alt=\"\" srcset=\"https:\/\/millavintage.com\/wp-content\/uploads\/2016\/08\/DSC_0064-320x240.jpg 320w, https:\/\/millavintage.com\/wp-content\/uploads\/2016\/08\/DSC_0064-560x420.jpg 560w\" sizes=\"auto, (max-width: 128px) 100vw, 128px\" \/><\/a>\n\t\t\t<\/div><\/figure><figure class='gallery-item'>\n\t\t\t<div class='gallery-icon landscape'>\n\t\t\t\t<a href='https:\/\/millavintage.com\/it\/2016\/08\/16\/la-mia-ispirazione-blu-e-giallo-per-un-look-estivo\/dsc_0065-3\/'><img loading=\"lazy\" decoding=\"async\" width=\"128\" height=\"86\" src=\"https:\/\/millavintage.com\/wp-content\/uploads\/2016\/08\/DSC_0065-150x101.jpg\" class=\"attachment-thumbnail size-thumbnail\" alt=\"\" srcset=\"https:\/\/millavintage.com\/wp-content\/uploads\/2016\/08\/DSC_0065-150x101.jpg 150w, https:\/\/millavintage.com\/wp-content\/uploads\/2016\/08\/DSC_0065-300x203.jpg 300w, https:\/\/millavintage.com\/wp-content\/uploads\/2016\/08\/DSC_0065-1024x691.jpg 1024w, https:\/\/millavintage.com\/wp-content\/uploads\/2016\/08\/DSC_0065.jpg 1200w\" sizes=\"auto, (max-width: 128px) 100vw, 128px\" \/><\/a>\n\t\t\t<\/div><\/figure><figure class='gallery-item'>\n\t\t\t<div class='gallery-icon landscape'>\n\t\t\t\t<a href='https:\/\/millavintage.com\/it\/2016\/08\/16\/la-mia-ispirazione-blu-e-giallo-per-un-look-estivo\/dsc_0070-4-2\/'><img loading=\"lazy\" decoding=\"async\" width=\"128\" height=\"96\" src=\"https:\/\/millavintage.com\/wp-content\/uploads\/2016\/08\/DSC_0070-150x112.jpg\" class=\"attachment-thumbnail size-thumbnail\" alt=\"\" srcset=\"https:\/\/millavintage.com\/wp-content\/uploads\/2016\/08\/DSC_0070-150x112.jpg 150w, https:\/\/millavintage.com\/wp-content\/uploads\/2016\/08\/DSC_0070-300x224.jpg 300w, https:\/\/millavintage.com\/wp-content\/uploads\/2016\/08\/DSC_0070-1024x765.jpg 1024w, https:\/\/millavintage.com\/wp-content\/uploads\/2016\/08\/DSC_0070-800x600.jpg 800w, https:\/\/millavintage.com\/wp-content\/uploads\/2016\/08\/DSC_0070.jpg 1200w\" sizes=\"auto, (max-width: 128px) 100vw, 128px\" \/><\/a>\n\t\t\t<\/div><\/figure><figure class='gallery-item'>\n\t\t\t<div class='gallery-icon landscape'>\n\t\t\t\t<a href='https:\/\/millavintage.com\/it\/2016\/08\/16\/la-mia-ispirazione-blu-e-giallo-per-un-look-estivo\/dsc_0075-2\/'><img loading=\"lazy\" decoding=\"async\" width=\"128\" height=\"93\" src=\"https:\/\/millavintage.com\/wp-content\/uploads\/2016\/08\/DSC_0075-150x109.jpg\" class=\"attachment-thumbnail size-thumbnail\" alt=\"\" srcset=\"https:\/\/millavintage.com\/wp-content\/uploads\/2016\/08\/DSC_0075-150x109.jpg 150w, https:\/\/millavintage.com\/wp-content\/uploads\/2016\/08\/DSC_0075-300x218.jpg 300w, https:\/\/millavintage.com\/wp-content\/uploads\/2016\/08\/DSC_0075-1024x745.jpg 1024w, https:\/\/millavintage.com\/wp-content\/uploads\/2016\/08\/DSC_0075.jpg 1200w\" sizes=\"auto, (max-width: 128px) 100vw, 128px\" \/><\/a>\n\t\t\t<\/div><\/figure><figure class='gallery-item'>\n\t\t\t<div class='gallery-icon landscape'>\n\t\t\t\t<a href='https:\/\/millavintage.com\/it\/2016\/08\/16\/la-mia-ispirazione-blu-e-giallo-per-un-look-estivo\/dsc_0077-3-2\/'><img loading=\"lazy\" decoding=\"async\" width=\"128\" height=\"82\" src=\"https:\/\/millavintage.com\/wp-content\/uploads\/2016\/08\/DSC_0077-150x96.jpg\" class=\"attachment-thumbnail size-thumbnail\" alt=\"\" srcset=\"https:\/\/millavintage.com\/wp-content\/uploads\/2016\/08\/DSC_0077-150x96.jpg 150w, https:\/\/millavintage.com\/wp-content\/uploads\/2016\/08\/DSC_0077-300x191.jpg 300w, https:\/\/millavintage.com\/wp-content\/uploads\/2016\/08\/DSC_0077-1024x653.jpg 1024w, https:\/\/millavintage.com\/wp-content\/uploads\/2016\/08\/DSC_0077.jpg 1200w\" sizes=\"auto, (max-width: 128px) 100vw, 128px\" \/><\/a>\n\t\t\t<\/div><\/figure><figure class='gallery-item'>\n\t\t\t<div class='gallery-icon portrait'>\n\t\t\t\t<a href='https:\/\/millavintage.com\/it\/2016\/08\/16\/la-mia-ispirazione-blu-e-giallo-per-un-look-estivo\/dsc_0080-3-2\/'><img loading=\"lazy\" decoding=\"async\" width=\"66\" height=\"96\" src=\"https:\/\/millavintage.com\/wp-content\/uploads\/2016\/08\/DSC_0080-1-103x150.jpg\" class=\"attachment-thumbnail size-thumbnail\" alt=\"\" srcset=\"https:\/\/millavintage.com\/wp-content\/uploads\/2016\/08\/DSC_0080-1-103x150.jpg 103w, https:\/\/millavintage.com\/wp-content\/uploads\/2016\/08\/DSC_0080-1-206x300.jpg 206w, https:\/\/millavintage.com\/wp-content\/uploads\/2016\/08\/DSC_0080-1-702x1024.jpg 702w, https:\/\/millavintage.com\/wp-content\/uploads\/2016\/08\/DSC_0080-1.jpg 1200w\" sizes=\"auto, (max-width: 66px) 100vw, 66px\" \/><\/a>\n\t\t\t<\/div><\/figure>\n\t\t<\/div>\n\n","protected":false},"excerpt":{"rendered":"<div class=\"post-excerpt\">Il sole brillava mai non cos\u00ec forte come nel 2016 e sto parlando palette rigorosamente alla moda e colore 2016. Forti tonalit\u00e0 di giallo, tonalit\u00e0 accese blu, verde, arancione. Una&hellip;<\/div>\n<div class=\"post-more\"><a href=\"https:\/\/millavintage.com\/it\/2016\/08\/16\/la-mia-ispirazione-blu-e-giallo-per-un-look-estivo\/\" class=\"btn btn-primary btn-effect\"><span>Visualizza Post<\/span><span><i class=\"icon icon-arrow-right\"><\/i><\/span><\/a><\/div>\n","protected":false},"author":4,"featured_media":22703,"comment_status":"open","ping_status":"open","sticky":false,"template":"","format":"standard","meta":{"googlesitekit_rrm_CAowyturDA:productID":"","footnotes":"","_wpscppro_dont_share_socialmedia":false,"_wpscppro_custom_social_share_image":0,"_facebook_share_type":"","_twitter_share_type":"","_linkedin_share_type":"","_pinterest_share_type":"","_linkedin_share_type_page":"","_instagram_share_type":"","_medium_share_type":"","_threads_share_type":"","_google_business_share_type":"","_selected_social_profile":[],"_wpsp_enable_custom_social_template":false,"_wpsp_social_scheduling":{"enabled":false,"datetime":null,"platforms":[],"status":"template_only","dateOption":"today","timeOption":"now","customDays":"","customHours":"","customDate":"","customTime":"","schedulingType":"absolute"},"_wpsp_active_default_template":true},"categories":[2993],"tags":[],"class_list":["post-26768","post","type-post","status-publish","format-standard","has-post-thumbnail","hentry","category-outfit-it"],"aioseo_notices":[],"_links":{"self":[{"href":"https:\/\/millavintage.com\/it\/wp-json\/wp\/v2\/posts\/26768","targetHints":{"allow":["GET"]}}],"collection":[{"href":"https:\/\/millavintage.com\/it\/wp-json\/wp\/v2\/posts"}],"about":[{"href":"https:\/\/millavintage.com\/it\/wp-json\/wp\/v2\/types\/post"}],"author":[{"embeddable":true,"href":"https:\/\/millavintage.com\/it\/wp-json\/wp\/v2\/users\/4"}],"replies":[{"embeddable":true,"href":"https:\/\/millavintage.com\/it\/wp-json\/wp\/v2\/comments?post=26768"}],"version-history":[{"count":0,"href":"https:\/\/millavintage.com\/it\/wp-json\/wp\/v2\/posts\/26768\/revisions"}],"wp:featuredmedia":[{"embeddable":true,"href":"https:\/\/millavintage.com\/it\/wp-json\/wp\/v2\/media\/22703"}],"wp:attachment":[{"href":"https:\/\/millavintage.com\/it\/wp-json\/wp\/v2\/media?parent=26768"}],"wp:term":[{"taxonomy":"category","embeddable":true,"href":"https:\/\/millavintage.com\/it\/wp-json\/wp\/v2\/categories?post=26768"},{"taxonomy":"post_tag","embeddable":true,"href":"https:\/\/millavintage.com\/it\/wp-json\/wp\/v2\/tags?post=26768"}],"curies":[{"name":"wp","href":"https:\/\/api.w.org\/{rel}","templated":true}]}}